{"id":938,"date":"2021-01-11T21:50:26","date_gmt":"2021-01-11T21:50:26","guid":{"rendered":"https:\/\/transdev-hdf.fr\/?p=938"},"modified":"2021-01-11T21:50:28","modified_gmt":"2021-01-11T21:50:28","slug":"academie-by-transdev-ca-continue","status":"publish","type":"post","link":"https:\/\/transdev-hdf.fr\/index.php\/2021\/01\/11\/academie-by-transdev-ca-continue\/","title":{"rendered":"Acad\u00e9mie by Transdev, \u00e7a continue!"},"content":{"rendered":"\n<p>Apr\u00e8s le lancement en novembre 2020 d\u2019une premi\u00e8re promotion sur les territoires de l\u2019Artois et du Dunkerquois, Transdev poursuit le d\u00e9ploiement de l&rsquo;<strong>Acad\u00e9mie By Transdev<\/strong>, <strong>le premier CFA des m\u00e9tiers du transport en commun, en Picardie<\/strong>. L\u2019enjeu\u00a0: ouvrir l\u2019acc\u00e8s aux m\u00e9tiers de la mobilit\u00e9 par la voie de l\u2019apprentissage et de l\u2019alternance. L\u2019Acad\u00e9mie by Transdev se veut \u00eatre un outil au service de la redynamisation des territoires via la qualification et l\u2019int\u00e9gration par l\u2019emploi. En Picardie, le programme va \u00eatre d\u00e9ploy\u00e9 sur TRANSDEV CAP et TRANSDEV PICARDIE. Ce sont ainsi 6 apprentis qui seront accueillis et form\u00e9s durant 6 mois au m\u00e9tier de Conducteur Receveur. <\/p>\n\n\n\n<p><strong><u>6 mois pour devenir conducteur de car<\/u><\/strong><\/p>\n\n\n\n<p><strong>Les candidats, qui ont jusqu\u2019au 29 janvier 2021 pour postuler, d\u00e9buteront leur formation le 22 f\u00e9vrier pour une dur\u00e9e de 6 mois, jusqu\u2019au 23 ao\u00fbt. Seules conditions pour s\u2019inscrire\u00a0: avoir entre 21 et 29 ans et \u00eatre titulaire du permis B.<\/strong><\/p>\n\n\n\n<p>Dans un premier temps, les futurs conducteurs passeront leur code et leur permis transports en commun (D), en alternance avec des cours th\u00e9oriques au sein de l\u2019AFTRAL d\u2019Amiens, partenaire de l\u2019Acad\u00e9mie By Transdev. Ils seront ensuite accompagn\u00e9s pour la conduite en situation r\u00e9elle avant de passer leur titre professionnel de \u00ab Conducteur de transport en commun sur route \u00bb. Une fois le parcours p\u00e9dagogique termin\u00e9 et le titre professionnel en poche, l\u2019apprenti int\u00e8grera Transdev CAP ou Transdev Picardie o\u00f9 il sera accompagn\u00e9 par son ma\u00eetre d\u2019apprentissage pendant 3 mois dans son nouveau m\u00e9tier. L\u2019objectif \u00e9tant d\u2019int\u00e9grer durablement les effectifs de ces r\u00e9seaux en devenant Conducteur.<\/p>\n\n\n\n<p><strong><u>Les \u00e9quipes Transdev CAP et Transdev Picardie mobilis\u00e9es pour transmettre leur savoir<\/u><\/strong><\/p>\n\n\n\n<p>L\u2019originalit\u00e9 et la pertinence du programme Acad\u00e9mie by Transdev r\u00e9sultent \u00e9galement des expertises m\u00e9tiers de chaque r\u00e9seau de transport local qui viennent resserrer les liens et faciliter la transmission du savoir entre professionnels et apprenants. Des conducteurs Transdev CAP et Transdev Picardie, form\u00e9s pour \u00eatre ma\u00eetre d\u2019apprentissage et accompagner les \u00e9l\u00e8ves, viendront ainsi enrichir l\u2019\u00e9quipe p\u00e9dagogique.<\/p>\n\n\n\n<figure class=\"wp-block-image size-large\"><img decoding=\"async\" loading=\"lazy\" width=\"1024\" height=\"341\" src=\"https:\/\/transdev-hdf.fr\/wp-content\/uploads\/2020\/10\/academie2-1024x341.png\" alt=\"\" class=\"wp-image-863\" srcset=\"https:\/\/transdev-hdf.fr\/wp-content\/uploads\/2020\/10\/academie2-1024x341.png 1024w, https:\/\/transdev-hdf.fr\/wp-content\/uploads\/2020\/10\/academie2-300x100.png 300w, https:\/\/transdev-hdf.fr\/wp-content\/uploads\/2020\/10\/academie2-768x256.png 768w, https:\/\/transdev-hdf.fr\/wp-content\/uploads\/2020\/10\/academie2.png 1200w\" sizes=\"(max-width: 1024px) 100vw, 1024px\" \/><\/figure>\n\n\n\n<p><strong>Les personnes int\u00e9ress\u00e9es peuvent envoyer leur candidature \u00e0 academietransdev.hdf@transdev.com<\/strong> <strong>ou s\u2019inscrire aux r\u00e9unions collectives qui ont lieu les&nbsp;:<\/strong><\/p>\n\n\n\n<ul><li>Lundi 18\/01 \u00e0 9h00 : \u00e0 l&rsquo;AFTRAL de Monchy<\/li><li>Mardi 19\/01: 8h45 P\u00f4le Emploi Compi\u00e8gne Margny<\/li><li>Mercredi 20\/10: 13h45 P\u00f4le Emploi Abbeville<\/li><li>Jeudi 21\/01: 8h45 P\u00f4le Emploi Beauvais Mykonos<\/li><li>Jeudi: 21\/01: 13h45 P\u00f4le Emploi Noyon<\/li><li>Vendredi 22\/01: 8h45 P\u00f4le Emploi Compi\u00e8gne Margny<\/li><li>Vendredi 29\/01: 8h45 P\u00f4le Emploi Abbeville<\/li><\/ul>\n","protected":false},"excerpt":{"rendered":"<p>Apr\u00e8s le lancement en novembre 2020 d\u2019une premi\u00e8re promotion sur les territoires de l\u2019Artois et du Dunkerquois, Transdev poursuit le d\u00e9ploiement de l&rsquo;Acad\u00e9mie By Transdev, le premier CFA des m\u00e9tiers du transport en commun, en Picardie. L\u2019enjeu\u00a0: ouvrir l\u2019acc\u00e8s aux m\u00e9tiers de la mobilit\u00e9 par la voie de l\u2019apprentissage et de l\u2019alternance. L\u2019Acad\u00e9mie by Transdev&hellip;&nbsp;<a href=\"https:\/\/transdev-hdf.fr\/index.php\/2021\/01\/11\/academie-by-transdev-ca-continue\/\" class=\"\" rel=\"bookmark\">Lire la suite &raquo;<span class=\"screen-reader-text\">Acad\u00e9mie by Transdev, \u00e7a continue!<\/span><\/a><\/p>\n","protected":false},"author":1,"featured_media":866,"comment_status":"open","ping_status":"open","sticky":false,"template":"","format":"standard","meta":[],"categories":[14],"tags":[],"_links":{"self":[{"href":"https:\/\/transdev-hdf.fr\/index.php\/wp-json\/wp\/v2\/posts\/938"}],"collection":[{"href":"https:\/\/transdev-hdf.fr\/index.php\/wp-json\/wp\/v2\/posts"}],"about":[{"href":"https:\/\/transdev-hdf.fr\/index.php\/wp-json\/wp\/v2\/types\/post"}],"author":[{"embeddable":true,"href":"https:\/\/transdev-hdf.fr\/index.php\/wp-json\/wp\/v2\/users\/1"}],"replies":[{"embeddable":true,"href":"https:\/\/transdev-hdf.fr\/index.php\/wp-json\/wp\/v2\/comments?post=938"}],"version-history":[{"count":1,"href":"https:\/\/transdev-hdf.fr\/index.php\/wp-json\/wp\/v2\/posts\/938\/revisions"}],"predecessor-version":[{"id":939,"href":"https:\/\/transdev-hdf.fr\/index.php\/wp-json\/wp\/v2\/posts\/938\/revisions\/939"}],"wp:featuredmedia":[{"embeddable":true,"href":"https:\/\/transdev-hdf.fr\/index.php\/wp-json\/wp\/v2\/media\/866"}],"wp:attachment":[{"href":"https:\/\/transdev-hdf.fr\/index.php\/wp-json\/wp\/v2\/media?parent=938"}],"wp:term":[{"taxonomy":"category","embeddable":true,"href":"https:\/\/transdev-hdf.fr\/index.php\/wp-json\/wp\/v2\/categories?post=938"},{"taxonomy":"post_tag","embeddable":true,"href":"https:\/\/transdev-hdf.fr\/index.php\/wp-json\/wp\/v2\/tags?post=938"}],"curies":[{"name":"wp","href":"https:\/\/api.w.org\/{rel}","templated":true}]}}