{"id":788,"date":"2020-06-29T16:01:37","date_gmt":"2020-06-29T16:01:37","guid":{"rendered":"https:\/\/transdev-hdf.fr\/?p=788"},"modified":"2020-06-29T16:01:37","modified_gmt":"2020-06-29T16:01:37","slug":"dons-de-masques-a-saint-quentin","status":"publish","type":"post","link":"https:\/\/transdev-hdf.fr\/index.php\/2020\/06\/29\/dons-de-masques-a-saint-quentin\/","title":{"rendered":"Dons de masques \u00e0 Saint-Quentin"},"content":{"rendered":"\n<p>Depuis le 19 juin, l\u2019agglom\u00e9ration du Saint-Quentinois et ses partenaires &#8211; le r\u00e9seau de bus Pastel et le service Andigo &#8211; ont mis en place une distribution de masques pour les habitants utilisant les transports en commun et le service de transport des personnes \u00e0 mobilit\u00e9 r\u00e9duite. Les masques sont remis sous enveloppe et enregistr\u00e9s au nom de la personne titulaire de la carte de transport.<\/p>\n\n\n\n<p>En tout ce sont 9 000 masques qui vont \u00eatre distribu\u00e9s sur toute l\u2019agglom\u00e9ration.<\/p>\n\n\n\n<figure class=\"wp-block-image size-large\"><img decoding=\"async\" loading=\"lazy\" width=\"1003\" height=\"1024\" src=\"https:\/\/transdev-hdf.fr\/wp-content\/uploads\/2020\/06\/img_8959-1003x1024.jpg\" alt=\"\" class=\"wp-image-787\" srcset=\"https:\/\/transdev-hdf.fr\/wp-content\/uploads\/2020\/06\/img_8959-1003x1024.jpg 1003w, https:\/\/transdev-hdf.fr\/wp-content\/uploads\/2020\/06\/img_8959-294x300.jpg 294w, https:\/\/transdev-hdf.fr\/wp-content\/uploads\/2020\/06\/img_8959-768x784.jpg 768w, https:\/\/transdev-hdf.fr\/wp-content\/uploads\/2020\/06\/img_8959.jpg 1136w\" sizes=\"(max-width: 1003px) 100vw, 1003px\" \/><\/figure>\n","protected":false},"excerpt":{"rendered":"<p>Depuis le 19 juin, l\u2019agglom\u00e9ration du Saint-Quentinois et ses partenaires &#8211; le r\u00e9seau de bus Pastel et le service Andigo &#8211; ont mis en place une distribution de masques pour les habitants utilisant les transports en commun et le service de transport des personnes \u00e0 mobilit\u00e9 r\u00e9duite. Les masques sont remis sous enveloppe et enregistr\u00e9s&hellip;&nbsp;<a href=\"https:\/\/transdev-hdf.fr\/index.php\/2020\/06\/29\/dons-de-masques-a-saint-quentin\/\" class=\"\" rel=\"bookmark\">Lire la suite &raquo;<span class=\"screen-reader-text\">Dons de masques \u00e0 Saint-Quentin<\/span><\/a><\/p>\n","protected":false},"author":1,"featured_media":786,"comment_status":"open","ping_status":"open","sticky":false,"template":"","format":"standard","meta":[],"categories":[14],"tags":[],"_links":{"self":[{"href":"https:\/\/transdev-hdf.fr\/index.php\/wp-json\/wp\/v2\/posts\/788"}],"collection":[{"href":"https:\/\/transdev-hdf.fr\/index.php\/wp-json\/wp\/v2\/posts"}],"about":[{"href":"https:\/\/transdev-hdf.fr\/index.php\/wp-json\/wp\/v2\/types\/post"}],"author":[{"embeddable":true,"href":"https:\/\/transdev-hdf.fr\/index.php\/wp-json\/wp\/v2\/users\/1"}],"replies":[{"embeddable":true,"href":"https:\/\/transdev-hdf.fr\/index.php\/wp-json\/wp\/v2\/comments?post=788"}],"version-history":[{"count":1,"href":"https:\/\/transdev-hdf.fr\/index.php\/wp-json\/wp\/v2\/posts\/788\/revisions"}],"predecessor-version":[{"id":789,"href":"https:\/\/transdev-hdf.fr\/index.php\/wp-json\/wp\/v2\/posts\/788\/revisions\/789"}],"wp:featuredmedia":[{"embeddable":true,"href":"https:\/\/transdev-hdf.fr\/index.php\/wp-json\/wp\/v2\/media\/786"}],"wp:attachment":[{"href":"https:\/\/transdev-hdf.fr\/index.php\/wp-json\/wp\/v2\/media?parent=788"}],"wp:term":[{"taxonomy":"category","embeddable":true,"href":"https:\/\/transdev-hdf.fr\/index.php\/wp-json\/wp\/v2\/categories?post=788"},{"taxonomy":"post_tag","embeddable":true,"href":"https:\/\/transdev-hdf.fr\/index.php\/wp-json\/wp\/v2\/tags?post=788"}],"curies":[{"name":"wp","href":"https:\/\/api.w.org\/{rel}","templated":true}]}}