{"id":713,"date":"2020-05-20T14:13:05","date_gmt":"2020-05-20T14:13:05","guid":{"rendered":"https:\/\/transdev-hdf.fr\/?p=713"},"modified":"2020-05-22T10:23:45","modified_gmt":"2020-05-22T10:23:45","slug":"1ers-jours-de-deconfinement-sur-le-reseau-pastel","status":"publish","type":"post","link":"https:\/\/transdev-hdf.fr\/index.php\/2020\/05\/20\/1ers-jours-de-deconfinement-sur-le-reseau-pastel\/","title":{"rendered":"Saint-Quentin : 1ers jours de d\u00e9confinement sur le r\u00e9seau Pastel"},"content":{"rendered":"\n<iframe loading=\"lazy\" src=\"https:\/\/www.facebook.com\/plugins\/video.php?href=https%3A%2F%2Fwww.facebook.com%2FVIAMATELE.TV%2Fvideos%2F265843471469082%2F&amp;show_text=0&amp;width=560\" width=\"560\" height=\"315\" style=\"border:none;overflow:hidden\" scrolling=\"no\" frameborder=\"0\" allowtransparency=\"true\" allowfullscreen=\"true\"><\/iframe>\n\n\n\n<p>Premiers jours de d\u00e9confinement sur le r\u00e9seau Pastel \u00e0 Saint-Quentin : retrouvez les \u00e9quipes en direct via le reportage de la cha\u00eene locale ViaMaT\u00e9l\u00e9.<\/p>\n\n\n\n<p>Une forte pr\u00e9sence des \u00e9quipes sur le r\u00e9seau Pastel pour accompagner les voyageurs et rappeler les r\u00e8gles des gestes barri\u00e8res, dispositif compl\u00e9t\u00e9 par les m\u00e9diateurs de la ville de Saint-Quentin.<\/p>\n\n\n\n<figure class=\"wp-block-image size-large\"><img decoding=\"async\" loading=\"lazy\" width=\"1024\" height=\"766\" src=\"https:\/\/transdev-hdf.fr\/wp-content\/uploads\/2020\/05\/img_8662-1024x766.jpg\" alt=\"\" class=\"wp-image-727\" srcset=\"https:\/\/transdev-hdf.fr\/wp-content\/uploads\/2020\/05\/img_8662-1024x766.jpg 1024w, https:\/\/transdev-hdf.fr\/wp-content\/uploads\/2020\/05\/img_8662-300x224.jpg 300w, https:\/\/transdev-hdf.fr\/wp-content\/uploads\/2020\/05\/img_8662-768x574.jpg 768w, https:\/\/transdev-hdf.fr\/wp-content\/uploads\/2020\/05\/img_8662.jpg 1226w\" sizes=\"(max-width: 1024px) 100vw, 1024px\" \/><\/figure>\n","protected":false},"excerpt":{"rendered":"<p>Premiers jours de d\u00e9confinement sur le r\u00e9seau Pastel \u00e0 Saint-Quentin : retrouvez les \u00e9quipes en direct via le reportage de la cha\u00eene locale ViaMaT\u00e9l\u00e9. Une forte pr\u00e9sence des \u00e9quipes sur le r\u00e9seau Pastel pour accompagner les voyageurs et rappeler les r\u00e8gles des gestes barri\u00e8res, dispositif compl\u00e9t\u00e9 par les m\u00e9diateurs de la ville de Saint-Quentin.<\/p>\n","protected":false},"author":1,"featured_media":716,"comment_status":"open","ping_status":"open","sticky":false,"template":"","format":"standard","meta":[],"categories":[14],"tags":[],"_links":{"self":[{"href":"https:\/\/transdev-hdf.fr\/index.php\/wp-json\/wp\/v2\/posts\/713"}],"collection":[{"href":"https:\/\/transdev-hdf.fr\/index.php\/wp-json\/wp\/v2\/posts"}],"about":[{"href":"https:\/\/transdev-hdf.fr\/index.php\/wp-json\/wp\/v2\/types\/post"}],"author":[{"embeddable":true,"href":"https:\/\/transdev-hdf.fr\/index.php\/wp-json\/wp\/v2\/users\/1"}],"replies":[{"embeddable":true,"href":"https:\/\/transdev-hdf.fr\/index.php\/wp-json\/wp\/v2\/comments?post=713"}],"version-history":[{"count":4,"href":"https:\/\/transdev-hdf.fr\/index.php\/wp-json\/wp\/v2\/posts\/713\/revisions"}],"predecessor-version":[{"id":728,"href":"https:\/\/transdev-hdf.fr\/index.php\/wp-json\/wp\/v2\/posts\/713\/revisions\/728"}],"wp:featuredmedia":[{"embeddable":true,"href":"https:\/\/transdev-hdf.fr\/index.php\/wp-json\/wp\/v2\/media\/716"}],"wp:attachment":[{"href":"https:\/\/transdev-hdf.fr\/index.php\/wp-json\/wp\/v2\/media?parent=713"}],"wp:term":[{"taxonomy":"category","embeddable":true,"href":"https:\/\/transdev-hdf.fr\/index.php\/wp-json\/wp\/v2\/categories?post=713"},{"taxonomy":"post_tag","embeddable":true,"href":"https:\/\/transdev-hdf.fr\/index.php\/wp-json\/wp\/v2\/tags?post=713"}],"curies":[{"name":"wp","href":"https:\/\/api.w.org\/{rel}","templated":true}]}}