{"id":2312,"date":"2024-07-04T14:06:52","date_gmt":"2024-07-04T14:06:52","guid":{"rendered":"https:\/\/transdev-hdf.fr\/?p=2312"},"modified":"2024-07-04T14:06:53","modified_gmt":"2024-07-04T14:06:53","slug":"challenge-conduite-regional-hauts-de-france-2024","status":"publish","type":"post","link":"https:\/\/transdev-hdf.fr\/index.php\/2024\/07\/04\/challenge-conduite-regional-hauts-de-france-2024\/","title":{"rendered":"Challenge conduite r\u00e9gional Hauts-de-France 2024"},"content":{"rendered":"\n<p>Le site de Calais, vainqueur de l\u2019\u00e9dition 2023 du challenge conduite r\u00e9gional, accueillait ce vendredi 28 juin la finale r\u00e9gional 2024, sous le soleil. Apr\u00e8s avoir concouru en filiales du 17 Avril au 15 Juin, 6 finalistes se sont affront\u00e9s sur le circuit, en bus et en car. C\u2019est le dunkerquois, J\u00e9r\u00e9my MORTIER qui a effectu\u00e9 la meilleure performance, en ne touchant aucun c\u00f4ne sur l\u2019ensemble des 2 parcours et un temps global de 2\u201951\u2019\u2019. Voici le classement final : 1. MORTIER J\u00e9r\u00e9my (STDE) 2. FOUACHE Adrien (TOC) 3. BRUNO Franck (TMSQ) 4. BOUZERAR S\u00e9lim (TCAP) 5. LECOUSTRE Jordan (STCE) 6. LECLERCQ Philippe (TAG) BOKALO J\u00e9r\u00e9my (TBM) n\u2019a pu \u00eatre pr\u00e9sent.<\/p>\n\n\n\n<p>Bravo \u00e0 l\u2019ensemble des participants et f\u00e9licitations aux 3 premiers qui ont re\u00e7u les prix et troph\u00e9es 2024 en pr\u00e9sence de Laurent MAHIEU, Isabelle BIELAWSKI et Abigail CATRIX.<\/p>\n\n\n\n<p>Merci aux repr\u00e9sentants des filiales pr\u00e9sents pour leur concours \u00e0 la r\u00e9ussite de cette journ\u00e9e. Un grand merci \u00e0 Florent FAVIER, Julien CARRU et l\u2019\u00e9quipe STCE pour l\u2019organisation sans faille, et la touche locale avec un d\u00e9jeuner \u00ab surprise \u00bb sur la navette fluviale et un d\u00e9tour en bus pour saluer le Dragon de Calais.<\/p>\n","protected":false},"excerpt":{"rendered":"<p>Le site de Calais, vainqueur de l\u2019\u00e9dition 2023 du challenge conduite r\u00e9gional, accueillait ce vendredi 28 juin la finale r\u00e9gional 2024, sous le soleil. Apr\u00e8s avoir concouru en filiales du 17 Avril au 15 Juin, 6 finalistes se sont affront\u00e9s sur le circuit, en bus et en car. C\u2019est le dunkerquois, J\u00e9r\u00e9my MORTIER qui a&hellip;&nbsp;<a href=\"https:\/\/transdev-hdf.fr\/index.php\/2024\/07\/04\/challenge-conduite-regional-hauts-de-france-2024\/\" class=\"\" rel=\"bookmark\">Lire la suite &raquo;<span class=\"screen-reader-text\">Challenge conduite r\u00e9gional Hauts-de-France 2024<\/span><\/a><\/p>\n","protected":false},"author":2,"featured_media":2313,"comment_status":"open","ping_status":"open","sticky":false,"template":"","format":"standard","meta":[],"categories":[14],"tags":[],"_links":{"self":[{"href":"https:\/\/transdev-hdf.fr\/index.php\/wp-json\/wp\/v2\/posts\/2312"}],"collection":[{"href":"https:\/\/transdev-hdf.fr\/index.php\/wp-json\/wp\/v2\/posts"}],"about":[{"href":"https:\/\/transdev-hdf.fr\/index.php\/wp-json\/wp\/v2\/types\/post"}],"author":[{"embeddable":true,"href":"https:\/\/transdev-hdf.fr\/index.php\/wp-json\/wp\/v2\/users\/2"}],"replies":[{"embeddable":true,"href":"https:\/\/transdev-hdf.fr\/index.php\/wp-json\/wp\/v2\/comments?post=2312"}],"version-history":[{"count":1,"href":"https:\/\/transdev-hdf.fr\/index.php\/wp-json\/wp\/v2\/posts\/2312\/revisions"}],"predecessor-version":[{"id":2314,"href":"https:\/\/transdev-hdf.fr\/index.php\/wp-json\/wp\/v2\/posts\/2312\/revisions\/2314"}],"wp:featuredmedia":[{"embeddable":true,"href":"https:\/\/transdev-hdf.fr\/index.php\/wp-json\/wp\/v2\/media\/2313"}],"wp:attachment":[{"href":"https:\/\/transdev-hdf.fr\/index.php\/wp-json\/wp\/v2\/media?parent=2312"}],"wp:term":[{"taxonomy":"category","embeddable":true,"href":"https:\/\/transdev-hdf.fr\/index.php\/wp-json\/wp\/v2\/categories?post=2312"},{"taxonomy":"post_tag","embeddable":true,"href":"https:\/\/transdev-hdf.fr\/index.php\/wp-json\/wp\/v2\/tags?post=2312"}],"curies":[{"name":"wp","href":"https:\/\/api.w.org\/{rel}","templated":true}]}}