{"id":2111,"date":"2023-09-26T12:08:19","date_gmt":"2023-09-26T12:08:19","guid":{"rendered":"https:\/\/transdev-hdf.fr\/?p=2111"},"modified":"2023-09-26T12:14:01","modified_gmt":"2023-09-26T12:14:01","slug":"imagin-calais-opale-bus-lancement-de-loperation-de-mobilite-participative-checkin-ta-mobilite","status":"publish","type":"post","link":"https:\/\/transdev-hdf.fr\/index.php\/2023\/09\/26\/imagin-calais-opale-bus-lancement-de-loperation-de-mobilite-participative-checkin-ta-mobilite\/","title":{"rendered":"Imag&rsquo;in Calais Opale Bus : Lancement de l\u2019op\u00e9ration de mobilit\u00e9 participative \u00ab\u00a0Check\u2019in ta mobilit\u00e9\u00a0\u00bb"},"content":{"rendered":"<p>Le SITAC, Le Syndicat Intercommunal pour les Transports urbains du Calaisis, s\u2019est \u00e9quip\u00e9 de la solution Wever et sa plateforme de mobilit\u00e9 participative pour permettre aux habitants de s\u2019exprimer sur leurs habitudes de d\u00e9placement, leurs attentes en mati\u00e8re de mobilit\u00e9 ou encore les difficult\u00e9s rencontr\u00e9es en la mati\u00e8re.<\/p>\n<p><!-- \/wp:paragraph --><!-- wp:paragraph --><\/p>\n<p>Ces informations cl\u00e9s permettront d\u2019adapter, d\u2019enrichir et de r\u00e9orienter les offres et services de mobilit\u00e9 en faveur de modes de d\u00e9placement plus efficaces et durables, adapt\u00e9s aux besoins des habitants (transports en commun, v\u00e9lo, covoiturage, \u2026).<\/p>\n<p><!-- \/wp:paragraph --><\/p>\n\n<!-- wp:paragraph -->\n<p><\/p>\n<!-- \/wp:paragraph -->","protected":false},"excerpt":{"rendered":"<p>Le SITAC, Le Syndicat Intercommunal pour les Transports urbains du Calaisis, s\u2019est \u00e9quip\u00e9 de la solution Wever et sa plateforme de mobilit\u00e9 participative pour permettre aux habitants de s\u2019exprimer sur leurs habitudes de d\u00e9placement, leurs attentes en mati\u00e8re de mobilit\u00e9 ou encore les difficult\u00e9s rencontr\u00e9es en la mati\u00e8re. Ces informations cl\u00e9s permettront d\u2019adapter, d\u2019enrichir et&hellip;&nbsp;<a href=\"https:\/\/transdev-hdf.fr\/index.php\/2023\/09\/26\/imagin-calais-opale-bus-lancement-de-loperation-de-mobilite-participative-checkin-ta-mobilite\/\" class=\"\" rel=\"bookmark\">Lire la suite &raquo;<span class=\"screen-reader-text\">Imag&rsquo;in Calais Opale Bus : Lancement de l\u2019op\u00e9ration de mobilit\u00e9 participative \u00ab\u00a0Check\u2019in ta mobilit\u00e9\u00a0\u00bb<\/span><\/a><\/p>\n","protected":false},"author":2,"featured_media":2112,"comment_status":"open","ping_status":"open","sticky":false,"template":"","format":"standard","meta":[],"categories":[14],"tags":[],"_links":{"self":[{"href":"https:\/\/transdev-hdf.fr\/index.php\/wp-json\/wp\/v2\/posts\/2111"}],"collection":[{"href":"https:\/\/transdev-hdf.fr\/index.php\/wp-json\/wp\/v2\/posts"}],"about":[{"href":"https:\/\/transdev-hdf.fr\/index.php\/wp-json\/wp\/v2\/types\/post"}],"author":[{"embeddable":true,"href":"https:\/\/transdev-hdf.fr\/index.php\/wp-json\/wp\/v2\/users\/2"}],"replies":[{"embeddable":true,"href":"https:\/\/transdev-hdf.fr\/index.php\/wp-json\/wp\/v2\/comments?post=2111"}],"version-history":[{"count":4,"href":"https:\/\/transdev-hdf.fr\/index.php\/wp-json\/wp\/v2\/posts\/2111\/revisions"}],"predecessor-version":[{"id":2116,"href":"https:\/\/transdev-hdf.fr\/index.php\/wp-json\/wp\/v2\/posts\/2111\/revisions\/2116"}],"wp:featuredmedia":[{"embeddable":true,"href":"https:\/\/transdev-hdf.fr\/index.php\/wp-json\/wp\/v2\/media\/2112"}],"wp:attachment":[{"href":"https:\/\/transdev-hdf.fr\/index.php\/wp-json\/wp\/v2\/media?parent=2111"}],"wp:term":[{"taxonomy":"category","embeddable":true,"href":"https:\/\/transdev-hdf.fr\/index.php\/wp-json\/wp\/v2\/categories?post=2111"},{"taxonomy":"post_tag","embeddable":true,"href":"https:\/\/transdev-hdf.fr\/index.php\/wp-json\/wp\/v2\/tags?post=2111"}],"curies":[{"name":"wp","href":"https:\/\/api.w.org\/{rel}","templated":true}]}}