{"id":1685,"date":"2023-02-13T13:36:12","date_gmt":"2023-02-13T13:36:12","guid":{"rendered":"https:\/\/transdev-hdf.fr\/?p=1685"},"modified":"2023-02-13T13:41:39","modified_gmt":"2023-02-13T13:41:39","slug":"inauguration-de-5-nouveaux-vehicules-hybrides-pour-le-reseau-pastel","status":"publish","type":"post","link":"https:\/\/transdev-hdf.fr\/index.php\/2023\/02\/13\/inauguration-de-5-nouveaux-vehicules-hybrides-pour-le-reseau-pastel\/","title":{"rendered":"Inauguration de 5 nouveaux v\u00e9hicules hybrides sur le r\u00e9seau Pastel !"},"content":{"rendered":"\n<p>Nicolas Bayard, Directeur de Transdev Mobilit\u00e9s du Saint-Quentinois\/R\u00e9seau Pastel, a pr\u00e9sent\u00e9 \u00e0 Fr\u00e9d\u00e9rique Macarez, Pr\u00e9sidente de l&rsquo;Agglom\u00e9ration du Saint-Quentinois, et les Maires des communes desservies par le r\u00e9seau de bus Pastel, 5 nouveaux bus MAN Efficient Hybride. <\/p>\n\n\n\n<p>Des v\u00e9hicules plus vertueux pour l&rsquo;environnement qui permettent une r\u00e9duction de la consommation de carburant et des \u00e9missions de CO2.<\/p>\n\n\n\n<p> En tant qu&rsquo;op\u00e9rateur de transport notre r\u00f4le est d&rsquo;innover et de s&rsquo;adapter \u00e0 l&rsquo;evironnement urbain et notamment aux mobilit\u00e9s douces. Depuis 2020, pratiquement 1 million de kilom\u00e8tres ont \u00e9t\u00e9 parcourus avec cette nouvelle technologie.<\/p>\n\n\n\n<figure class=\"wp-block-video\"><video controls src=\"https:\/\/transdev-hdf.fr\/wp-content\/uploads\/2023\/02\/www.KeepVid.to-De-nouveaux-bus-MAN-Efficient-Hybrid-arrivent-\u00e0-Saint-Quentin-6a45330f202c294480a0933b69972065-.mp4\"><\/video><figcaption>images ViaMaT\u00e9l\u00e9<\/figcaption><\/figure>\n\n\n\n<p><\/p>\n","protected":false},"excerpt":{"rendered":"<p>Nicolas Bayard, Directeur de Transdev Mobilit\u00e9s du Saint-Quentinois\/R\u00e9seau Pastel, a pr\u00e9sent\u00e9 \u00e0 Fr\u00e9d\u00e9rique Macarez, Pr\u00e9sidente de l&rsquo;Agglom\u00e9ration du Saint-Quentinois, et les Maires des communes desservies par le r\u00e9seau de bus Pastel, 5 nouveaux bus MAN Efficient Hybride. Des v\u00e9hicules plus vertueux pour l&rsquo;environnement qui permettent une r\u00e9duction de la consommation de carburant et des \u00e9missions&hellip;&nbsp;<a href=\"https:\/\/transdev-hdf.fr\/index.php\/2023\/02\/13\/inauguration-de-5-nouveaux-vehicules-hybrides-pour-le-reseau-pastel\/\" class=\"\" rel=\"bookmark\">Lire la suite &raquo;<span class=\"screen-reader-text\">Inauguration de 5 nouveaux v\u00e9hicules hybrides sur le r\u00e9seau Pastel !<\/span><\/a><\/p>\n","protected":false},"author":2,"featured_media":1687,"comment_status":"open","ping_status":"open","sticky":false,"template":"","format":"standard","meta":[],"categories":[14],"tags":[],"_links":{"self":[{"href":"https:\/\/transdev-hdf.fr\/index.php\/wp-json\/wp\/v2\/posts\/1685"}],"collection":[{"href":"https:\/\/transdev-hdf.fr\/index.php\/wp-json\/wp\/v2\/posts"}],"about":[{"href":"https:\/\/transdev-hdf.fr\/index.php\/wp-json\/wp\/v2\/types\/post"}],"author":[{"embeddable":true,"href":"https:\/\/transdev-hdf.fr\/index.php\/wp-json\/wp\/v2\/users\/2"}],"replies":[{"embeddable":true,"href":"https:\/\/transdev-hdf.fr\/index.php\/wp-json\/wp\/v2\/comments?post=1685"}],"version-history":[{"count":3,"href":"https:\/\/transdev-hdf.fr\/index.php\/wp-json\/wp\/v2\/posts\/1685\/revisions"}],"predecessor-version":[{"id":1690,"href":"https:\/\/transdev-hdf.fr\/index.php\/wp-json\/wp\/v2\/posts\/1685\/revisions\/1690"}],"wp:featuredmedia":[{"embeddable":true,"href":"https:\/\/transdev-hdf.fr\/index.php\/wp-json\/wp\/v2\/media\/1687"}],"wp:attachment":[{"href":"https:\/\/transdev-hdf.fr\/index.php\/wp-json\/wp\/v2\/media?parent=1685"}],"wp:term":[{"taxonomy":"category","embeddable":true,"href":"https:\/\/transdev-hdf.fr\/index.php\/wp-json\/wp\/v2\/categories?post=1685"},{"taxonomy":"post_tag","embeddable":true,"href":"https:\/\/transdev-hdf.fr\/index.php\/wp-json\/wp\/v2\/tags?post=1685"}],"curies":[{"name":"wp","href":"https:\/\/api.w.org\/{rel}","templated":true}]}}