{"id":1624,"date":"2022-12-02T15:04:09","date_gmt":"2022-12-02T15:04:09","guid":{"rendered":"https:\/\/transdev-hdf.fr\/?p=1624"},"modified":"2022-12-02T15:04:10","modified_gmt":"2022-12-02T15:04:10","slug":"la-communaute-urbaine-de-dunkerque-et-dkbus-mettent-en-place-le-service-eco-velo","status":"publish","type":"post","link":"https:\/\/transdev-hdf.fr\/index.php\/2022\/12\/02\/la-communaute-urbaine-de-dunkerque-et-dkbus-mettent-en-place-le-service-eco-velo\/","title":{"rendered":"La Communaut\u00e9 urbaine de Dunkerque et DK\u2019BUS mettent en place le service \u00ab \u00c9CO-V\u00c9LO \u00bb"},"content":{"rendered":"\n<p>Avec pour objectif de promouvoir l\u2019usage du v\u00e9lo pour les d\u00e9placements du quotidien, la Communaut\u00e9 urbaine de Dunkerque et DK\u2019BUS ont mis en place le service \u00a0\u00bb\u00a0\u00c9CO-V\u00c9LO\u00a0\u00bb<\/p>\n\n\n\n<p>Ainsi, avant d&rsquo;investir dans l\u2019achat d\u2019un v\u00e9lo \u00e0 assistance \u00e9lectrique (traditionnel, cargo, longtail, \u2026), les habitants du territoire Dunkerquois peuvent, sous certaines conditions, le tester gr\u00e2ce \u00e0 un pr\u00eat gratuit de 30 jours (non renouvelable).\u00a0<\/p>\n\n\n\n<figure class=\"wp-block-image size-large\"><img decoding=\"async\" loading=\"lazy\" width=\"1024\" height=\"566\" src=\"https:\/\/transdev-hdf.fr\/wp-content\/uploads\/2022\/12\/5-1024x566.png\" alt=\"\" class=\"wp-image-1625\" srcset=\"https:\/\/transdev-hdf.fr\/wp-content\/uploads\/2022\/12\/5-1024x566.png 1024w, https:\/\/transdev-hdf.fr\/wp-content\/uploads\/2022\/12\/5-300x166.png 300w, https:\/\/transdev-hdf.fr\/wp-content\/uploads\/2022\/12\/5-768x425.png 768w, https:\/\/transdev-hdf.fr\/wp-content\/uploads\/2022\/12\/5-1536x849.png 1536w, https:\/\/transdev-hdf.fr\/wp-content\/uploads\/2022\/12\/5.png 1934w\" sizes=\"(max-width: 1024px) 100vw, 1024px\" \/><\/figure>\n","protected":false},"excerpt":{"rendered":"<p>Avec pour objectif de promouvoir l\u2019usage du v\u00e9lo pour les d\u00e9placements du quotidien, la Communaut\u00e9 urbaine de Dunkerque et DK\u2019BUS ont mis en place le service \u00a0\u00bb\u00a0\u00c9CO-V\u00c9LO\u00a0\u00bb Ainsi, avant d&rsquo;investir dans l\u2019achat d\u2019un v\u00e9lo \u00e0 assistance \u00e9lectrique (traditionnel, cargo, longtail, \u2026), les habitants du territoire Dunkerquois peuvent, sous certaines conditions, le tester gr\u00e2ce \u00e0 un&hellip;&nbsp;<a href=\"https:\/\/transdev-hdf.fr\/index.php\/2022\/12\/02\/la-communaute-urbaine-de-dunkerque-et-dkbus-mettent-en-place-le-service-eco-velo\/\" class=\"\" rel=\"bookmark\">Lire la suite &raquo;<span class=\"screen-reader-text\">La Communaut\u00e9 urbaine de Dunkerque et DK\u2019BUS mettent en place le service \u00ab \u00c9CO-V\u00c9LO \u00bb<\/span><\/a><\/p>\n","protected":false},"author":2,"featured_media":1626,"comment_status":"open","ping_status":"open","sticky":false,"template":"","format":"standard","meta":[],"categories":[14],"tags":[],"_links":{"self":[{"href":"https:\/\/transdev-hdf.fr\/index.php\/wp-json\/wp\/v2\/posts\/1624"}],"collection":[{"href":"https:\/\/transdev-hdf.fr\/index.php\/wp-json\/wp\/v2\/posts"}],"about":[{"href":"https:\/\/transdev-hdf.fr\/index.php\/wp-json\/wp\/v2\/types\/post"}],"author":[{"embeddable":true,"href":"https:\/\/transdev-hdf.fr\/index.php\/wp-json\/wp\/v2\/users\/2"}],"replies":[{"embeddable":true,"href":"https:\/\/transdev-hdf.fr\/index.php\/wp-json\/wp\/v2\/comments?post=1624"}],"version-history":[{"count":1,"href":"https:\/\/transdev-hdf.fr\/index.php\/wp-json\/wp\/v2\/posts\/1624\/revisions"}],"predecessor-version":[{"id":1627,"href":"https:\/\/transdev-hdf.fr\/index.php\/wp-json\/wp\/v2\/posts\/1624\/revisions\/1627"}],"wp:featuredmedia":[{"embeddable":true,"href":"https:\/\/transdev-hdf.fr\/index.php\/wp-json\/wp\/v2\/media\/1626"}],"wp:attachment":[{"href":"https:\/\/transdev-hdf.fr\/index.php\/wp-json\/wp\/v2\/media?parent=1624"}],"wp:term":[{"taxonomy":"category","embeddable":true,"href":"https:\/\/transdev-hdf.fr\/index.php\/wp-json\/wp\/v2\/categories?post=1624"},{"taxonomy":"post_tag","embeddable":true,"href":"https:\/\/transdev-hdf.fr\/index.php\/wp-json\/wp\/v2\/tags?post=1624"}],"curies":[{"name":"wp","href":"https:\/\/api.w.org\/{rel}","templated":true}]}}