{"id":1534,"date":"2022-09-30T12:09:12","date_gmt":"2022-09-30T12:09:12","guid":{"rendered":"https:\/\/transdev-hdf.fr\/?p=1534"},"modified":"2022-09-30T12:22:48","modified_gmt":"2022-09-30T12:22:48","slug":"record-daffluence-pour-le-car-emploi-transdev-a-dunkerque-ce-jeudi-29-septembre-2022","status":"publish","type":"post","link":"https:\/\/transdev-hdf.fr\/index.php\/2022\/09\/30\/record-daffluence-pour-le-car-emploi-transdev-a-dunkerque-ce-jeudi-29-septembre-2022\/","title":{"rendered":"Record d\u2019affluence pour le car emploi Transdev \u00e0 Dunkerque ce jeudi 29 septembre 2022 !"},"content":{"rendered":"\n<p>Le car emploi Transdev Haut-de-France a pour objectif la promotion des m\u00e9tiers du transport de voyageurs : conducteurs, m\u00e9caniciens, \u2026 mais aussi \u00e0 recruter au plus pr\u00e8s des communes et des quartiers du territoire. Nos filiales situ\u00e9es sur la c\u00f4te d\u2019Opale, Soci\u00e9t\u00e9 des Transports de Dunkerque et Extensions\/DK\u2019BUS et Transdev Littoral Nord se sont associ\u00e9es \u00e0 Entreprendre Ensemble, leur partenaire local pour l\u2019emploi. Ainsi, devant l\u2019antenne DK\u2019Click d\u2019Entreprendre Ensemble, place de la gare \u00e0 Dunkerque, ce sont plus de 200 entretiens qui ont eu lieu ce jeudi 29 septembre dans le car Emploi Transdev. <\/p>\n\n\n\n<figure class=\"wp-block-image size-large\"><img decoding=\"async\" loading=\"lazy\" width=\"1024\" height=\"540\" src=\"https:\/\/transdev-hdf.fr\/wp-content\/uploads\/2022\/09\/1-1024x540.png\" alt=\"\" class=\"wp-image-1536\" srcset=\"https:\/\/transdev-hdf.fr\/wp-content\/uploads\/2022\/09\/1-1024x540.png 1024w, https:\/\/transdev-hdf.fr\/wp-content\/uploads\/2022\/09\/1-300x158.png 300w, https:\/\/transdev-hdf.fr\/wp-content\/uploads\/2022\/09\/1-768x405.png 768w, https:\/\/transdev-hdf.fr\/wp-content\/uploads\/2022\/09\/1-1536x810.png 1536w, https:\/\/transdev-hdf.fr\/wp-content\/uploads\/2022\/09\/1.png 1927w\" sizes=\"(max-width: 1024px) 100vw, 1024px\" \/><figcaption><a href=\"https:\/\/www.radio6.fr\/article-62005-a-dunkerque-la-manifestation-pour-le-pouvoir-d-achat-cotoie-une-operation-recrutement-de-conducteurs-de-bus.html\">https:\/\/www.radio6.fr\/article-62005-a-dunkerque-la-manifestation-pour-le-pouvoir-d-achat-cotoie-une-operation-recrutement-de-conducteurs-de-bus.html<\/a><\/figcaption><\/figure>\n\n\n\n<p><\/p>\n","protected":false},"excerpt":{"rendered":"<p>Le car emploi Transdev Haut-de-France a pour objectif la promotion des m\u00e9tiers du transport de voyageurs : conducteurs, m\u00e9caniciens, \u2026 mais aussi \u00e0 recruter au plus pr\u00e8s des communes et des quartiers du territoire. Nos filiales situ\u00e9es sur la c\u00f4te d\u2019Opale, Soci\u00e9t\u00e9 des Transports de Dunkerque et Extensions\/DK\u2019BUS et Transdev Littoral Nord se sont associ\u00e9es&hellip;&nbsp;<a href=\"https:\/\/transdev-hdf.fr\/index.php\/2022\/09\/30\/record-daffluence-pour-le-car-emploi-transdev-a-dunkerque-ce-jeudi-29-septembre-2022\/\" class=\"\" rel=\"bookmark\">Lire la suite &raquo;<span class=\"screen-reader-text\">Record d\u2019affluence pour le car emploi Transdev \u00e0 Dunkerque ce jeudi 29 septembre 2022 !<\/span><\/a><\/p>\n","protected":false},"author":2,"featured_media":1537,"comment_status":"open","ping_status":"open","sticky":false,"template":"","format":"standard","meta":[],"categories":[14],"tags":[],"_links":{"self":[{"href":"https:\/\/transdev-hdf.fr\/index.php\/wp-json\/wp\/v2\/posts\/1534"}],"collection":[{"href":"https:\/\/transdev-hdf.fr\/index.php\/wp-json\/wp\/v2\/posts"}],"about":[{"href":"https:\/\/transdev-hdf.fr\/index.php\/wp-json\/wp\/v2\/types\/post"}],"author":[{"embeddable":true,"href":"https:\/\/transdev-hdf.fr\/index.php\/wp-json\/wp\/v2\/users\/2"}],"replies":[{"embeddable":true,"href":"https:\/\/transdev-hdf.fr\/index.php\/wp-json\/wp\/v2\/comments?post=1534"}],"version-history":[{"count":4,"href":"https:\/\/transdev-hdf.fr\/index.php\/wp-json\/wp\/v2\/posts\/1534\/revisions"}],"predecessor-version":[{"id":1542,"href":"https:\/\/transdev-hdf.fr\/index.php\/wp-json\/wp\/v2\/posts\/1534\/revisions\/1542"}],"wp:featuredmedia":[{"embeddable":true,"href":"https:\/\/transdev-hdf.fr\/index.php\/wp-json\/wp\/v2\/media\/1537"}],"wp:attachment":[{"href":"https:\/\/transdev-hdf.fr\/index.php\/wp-json\/wp\/v2\/media?parent=1534"}],"wp:term":[{"taxonomy":"category","embeddable":true,"href":"https:\/\/transdev-hdf.fr\/index.php\/wp-json\/wp\/v2\/categories?post=1534"},{"taxonomy":"post_tag","embeddable":true,"href":"https:\/\/transdev-hdf.fr\/index.php\/wp-json\/wp\/v2\/tags?post=1534"}],"curies":[{"name":"wp","href":"https:\/\/api.w.org\/{rel}","templated":true}]}}