{"id":1529,"date":"2022-09-22T13:20:28","date_gmt":"2022-09-22T13:20:28","guid":{"rendered":"https:\/\/transdev-hdf.fr\/?p=1529"},"modified":"2022-09-22T13:21:31","modified_gmt":"2022-09-22T13:21:31","slug":"transdev-hauts-de-france-lance-la-premiere-promotion-dapprentis-mecaniciens-en-partenariat-avec-le-lycee-montaigne-damiens","status":"publish","type":"post","link":"https:\/\/transdev-hdf.fr\/index.php\/2022\/09\/22\/transdev-hauts-de-france-lance-la-premiere-promotion-dapprentis-mecaniciens-en-partenariat-avec-le-lycee-montaigne-damiens\/","title":{"rendered":"Transdev Hauts-de France lance la premi\u00e8re promotion d\u2019apprentis m\u00e9caniciens en partenariat avec le Lyc\u00e9e Montaigne d\u2019Amiens"},"content":{"rendered":"\n<p>Le 20 septembre 2022, Transdev hauts-de-France lan\u00e7ait en partenariat avec le Lyc\u00e9e Montaigne d\u2019Amiens, en pr\u00e9sence de Monsieur Patrice PERTIN Proviseur et Directeur d\u2019UFA, de Monsieur le Recteur de l\u2019acad\u00e9mie d\u2019Amiens Raphael MULLER, de Madame Marie-No\u00eblle CHAPRON-FATRAS, DRH r\u00e9gionale de TRANSDEV et des 8 apprentis accompagn\u00e9s de leur tuteur, <strong>la premi\u00e8re promotion d\u2019apprentis<\/strong> <strong>m\u00e9caniciens<\/strong>. Ces derniers, pr\u00e9parent le bac professionnel \u00ab\u00a0maintenance des v\u00e9hicules\u00a0\u00bb en alternance et seront, dans ce cadre, accueillis dans 5 filiales de la r\u00e9gion\u00a0: Transdev Artois Gohelle, Transdev CAP, Transdev Oise Cabaro, Transdev Picardie et Soci\u00e9t\u00e9 des Transports de Calais et Extensions.<\/p>\n","protected":false},"excerpt":{"rendered":"<p>Le 20 septembre 2022, Transdev hauts-de-France lan\u00e7ait en partenariat avec le Lyc\u00e9e Montaigne d\u2019Amiens, en pr\u00e9sence de Monsieur Patrice PERTIN Proviseur et Directeur d\u2019UFA, de Monsieur le Recteur de l\u2019acad\u00e9mie d\u2019Amiens Raphael MULLER, de Madame Marie-No\u00eblle CHAPRON-FATRAS, DRH r\u00e9gionale de TRANSDEV et des 8 apprentis accompagn\u00e9s de leur tuteur, la premi\u00e8re promotion d\u2019apprentis m\u00e9caniciens. Ces&hellip;&nbsp;<a href=\"https:\/\/transdev-hdf.fr\/index.php\/2022\/09\/22\/transdev-hauts-de-france-lance-la-premiere-promotion-dapprentis-mecaniciens-en-partenariat-avec-le-lycee-montaigne-damiens\/\" class=\"\" rel=\"bookmark\">Lire la suite &raquo;<span class=\"screen-reader-text\">Transdev Hauts-de France lance la premi\u00e8re promotion d\u2019apprentis m\u00e9caniciens en partenariat avec le Lyc\u00e9e Montaigne d\u2019Amiens<\/span><\/a><\/p>\n","protected":false},"author":2,"featured_media":1530,"comment_status":"open","ping_status":"open","sticky":false,"template":"","format":"standard","meta":[],"categories":[14],"tags":[],"_links":{"self":[{"href":"https:\/\/transdev-hdf.fr\/index.php\/wp-json\/wp\/v2\/posts\/1529"}],"collection":[{"href":"https:\/\/transdev-hdf.fr\/index.php\/wp-json\/wp\/v2\/posts"}],"about":[{"href":"https:\/\/transdev-hdf.fr\/index.php\/wp-json\/wp\/v2\/types\/post"}],"author":[{"embeddable":true,"href":"https:\/\/transdev-hdf.fr\/index.php\/wp-json\/wp\/v2\/users\/2"}],"replies":[{"embeddable":true,"href":"https:\/\/transdev-hdf.fr\/index.php\/wp-json\/wp\/v2\/comments?post=1529"}],"version-history":[{"count":2,"href":"https:\/\/transdev-hdf.fr\/index.php\/wp-json\/wp\/v2\/posts\/1529\/revisions"}],"predecessor-version":[{"id":1532,"href":"https:\/\/transdev-hdf.fr\/index.php\/wp-json\/wp\/v2\/posts\/1529\/revisions\/1532"}],"wp:featuredmedia":[{"embeddable":true,"href":"https:\/\/transdev-hdf.fr\/index.php\/wp-json\/wp\/v2\/media\/1530"}],"wp:attachment":[{"href":"https:\/\/transdev-hdf.fr\/index.php\/wp-json\/wp\/v2\/media?parent=1529"}],"wp:term":[{"taxonomy":"category","embeddable":true,"href":"https:\/\/transdev-hdf.fr\/index.php\/wp-json\/wp\/v2\/categories?post=1529"},{"taxonomy":"post_tag","embeddable":true,"href":"https:\/\/transdev-hdf.fr\/index.php\/wp-json\/wp\/v2\/tags?post=1529"}],"curies":[{"name":"wp","href":"https:\/\/api.w.org\/{rel}","templated":true}]}}