{"id":1257,"date":"2021-12-07T13:44:13","date_gmt":"2021-12-07T13:44:13","guid":{"rendered":"https:\/\/transdev-hdf.fr\/?p=1257"},"modified":"2021-12-07T14:09:10","modified_gmt":"2021-12-07T14:09:10","slug":"corolis-un-bus-magique-pour-noel","status":"publish","type":"post","link":"https:\/\/transdev-hdf.fr\/index.php\/2021\/12\/07\/corolis-un-bus-magique-pour-noel\/","title":{"rendered":"Corolis : Un bus magique pour No\u00ebl"},"content":{"rendered":"\n<figure class=\"wp-block-table\"><table><tbody><tr><td>Cette ann\u00e9e, Transdev Beauvais Mobilit\u00e9s a souhait\u00e9 cr\u00e9er des moments de f\u00e9\u00e9rie quelques semaines avant No\u00ebl sur le r\u00e9seau Corolis. \u00c0 bord d\u2019un bus \u00e9ph\u00e9m\u00e8re compl\u00e8tement transform\u00e9 pour l\u2019occasion, Nous allons \u00e0 la rencontre d\u2019associations des quartiers Argentine et St Jean pour faire vivre aux enfants un apr\u00e8s-midi exceptionnel. Chants et contes de No\u00ebl, jeux, pr\u00e9sence du P\u00e8re-No\u00ebl et cadeaux au pied du sapin, tout est mis en \u0153uvre pour faire vivre aux enfants un moment inoubliable. &nbsp; Et pour ouvrir ce bus exceptionnel \u00e0 un maximum d\u2019enfants, 6 personnalit\u00e9s beauvaisiennes, ambassadrices de l\u2019op\u00e9ration, feront gagner des places via un jeu concours organis\u00e9 sur leurs r\u00e9seaux sociaux Facebook et Instagram. La premi\u00e8re \u00e9tape du bus s\u2019est d\u00e9roul\u00e9 le 1er d\u00e9cembre dernier \u00e0 la Maison des Associations et de la Jeunesse et des Initiatives. Un go\u00fbter a \u00e9t\u00e9 propos\u00e9 \u00e0 une vingtaine d\u2019enfants de 15h \u00e0 17h. Le 8 d\u00e9cembre prochain, ce sera au tour du Tcho Caf\u00e9, Caf\u00e9 culturel et ludique des enfants et de leur famille, d\u2019accueillir le bus magique. Le bus magique finira en beaut\u00e9 le 15 d\u00e9cembre prochain, place Jeanne Hachette, en plein c\u0153ur de Beauvais. Seront accueillis \u00e0 bord du bus les 4 enfants ayant remport\u00e9 les places misent en jeux par Corolis et les 6 ambassadeurs beauvaisiens bien connus du grand public.<\/td><\/tr><\/tbody><\/table><\/figure>\n\n\n\n<figure class=\"is-layout-flex wp-block-gallery-1 wp-block-gallery columns-1 is-cropped\"><ul class=\"blocks-gallery-grid\"><li class=\"blocks-gallery-item\"><figure><img decoding=\"async\" loading=\"lazy\" width=\"1024\" height=\"577\" src=\"https:\/\/transdev-hdf.fr\/wp-content\/uploads\/2021\/12\/2-1024x577.png\" alt=\"\" data-id=\"1258\" data-full-url=\"https:\/\/transdev-hdf.fr\/wp-content\/uploads\/2021\/12\/2.png\" data-link=\"https:\/\/transdev-hdf.fr\/?attachment_id=1258\" class=\"wp-image-1258\" srcset=\"https:\/\/transdev-hdf.fr\/wp-content\/uploads\/2021\/12\/2-1024x577.png 1024w, https:\/\/transdev-hdf.fr\/wp-content\/uploads\/2021\/12\/2-300x169.png 300w, https:\/\/transdev-hdf.fr\/wp-content\/uploads\/2021\/12\/2-768x433.png 768w, https:\/\/transdev-hdf.fr\/wp-content\/uploads\/2021\/12\/2-1536x865.png 1536w, https:\/\/transdev-hdf.fr\/wp-content\/uploads\/2021\/12\/2.png 1640w\" sizes=\"(max-width: 1024px) 100vw, 1024px\" \/><\/figure><\/li><\/ul><\/figure>\n","protected":false},"excerpt":{"rendered":"<p>Cette ann\u00e9e, Transdev Beauvais Mobilit\u00e9s a souhait\u00e9 cr\u00e9er des moments de f\u00e9\u00e9rie quelques semaines avant No\u00ebl sur le r\u00e9seau Corolis. \u00c0 bord d\u2019un bus \u00e9ph\u00e9m\u00e8re compl\u00e8tement transform\u00e9 pour l\u2019occasion, Nous allons \u00e0 la rencontre d\u2019associations des quartiers Argentine et St Jean pour faire vivre aux enfants un apr\u00e8s-midi exceptionnel. Chants et contes de No\u00ebl, jeux,&hellip;&nbsp;<a href=\"https:\/\/transdev-hdf.fr\/index.php\/2021\/12\/07\/corolis-un-bus-magique-pour-noel\/\" class=\"\" rel=\"bookmark\">Lire la suite &raquo;<span class=\"screen-reader-text\">Corolis : Un bus magique pour No\u00ebl<\/span><\/a><\/p>\n","protected":false},"author":2,"featured_media":1259,"comment_status":"open","ping_status":"open","sticky":false,"template":"","format":"standard","meta":[],"categories":[14],"tags":[],"_links":{"self":[{"href":"https:\/\/transdev-hdf.fr\/index.php\/wp-json\/wp\/v2\/posts\/1257"}],"collection":[{"href":"https:\/\/transdev-hdf.fr\/index.php\/wp-json\/wp\/v2\/posts"}],"about":[{"href":"https:\/\/transdev-hdf.fr\/index.php\/wp-json\/wp\/v2\/types\/post"}],"author":[{"embeddable":true,"href":"https:\/\/transdev-hdf.fr\/index.php\/wp-json\/wp\/v2\/users\/2"}],"replies":[{"embeddable":true,"href":"https:\/\/transdev-hdf.fr\/index.php\/wp-json\/wp\/v2\/comments?post=1257"}],"version-history":[{"count":3,"href":"https:\/\/transdev-hdf.fr\/index.php\/wp-json\/wp\/v2\/posts\/1257\/revisions"}],"predecessor-version":[{"id":1264,"href":"https:\/\/transdev-hdf.fr\/index.php\/wp-json\/wp\/v2\/posts\/1257\/revisions\/1264"}],"wp:featuredmedia":[{"embeddable":true,"href":"https:\/\/transdev-hdf.fr\/index.php\/wp-json\/wp\/v2\/media\/1259"}],"wp:attachment":[{"href":"https:\/\/transdev-hdf.fr\/index.php\/wp-json\/wp\/v2\/media?parent=1257"}],"wp:term":[{"taxonomy":"category","embeddable":true,"href":"https:\/\/transdev-hdf.fr\/index.php\/wp-json\/wp\/v2\/categories?post=1257"},{"taxonomy":"post_tag","embeddable":true,"href":"https:\/\/transdev-hdf.fr\/index.php\/wp-json\/wp\/v2\/tags?post=1257"}],"curies":[{"name":"wp","href":"https:\/\/api.w.org\/{rel}","templated":true}]}}