{"id":1226,"date":"2021-10-26T13:25:17","date_gmt":"2021-10-26T13:25:17","guid":{"rendered":"https:\/\/transdev-hdf.fr\/?p=1226"},"modified":"2021-10-26T13:28:33","modified_gmt":"2021-10-26T13:28:33","slug":"inauguration-academie-by-transdev-et-celebration-de-lapprentissage-lancement-de-la-2eme-promotion-dalternants-en-hauts-de-france","status":"publish","type":"post","link":"https:\/\/transdev-hdf.fr\/index.php\/2021\/10\/26\/inauguration-academie-by-transdev-et-celebration-de-lapprentissage-lancement-de-la-2eme-promotion-dalternants-en-hauts-de-france\/","title":{"rendered":"Inauguration Acad\u00e9mie by Transdev et celebration de l\u2019apprentissage : lancement de la 2\u00e8me promotion d\u2019alternants en Hauts de France !"},"content":{"rendered":"\n<figure class=\"wp-block-table\"><table><tbody><tr><td>D\u00e9but Octobre, Transdev Hauts-de-France a lanc\u00e9 sa deuxi\u00e8me promotion \u00ab\u00a0Acad\u00e9mie By Transdev\u00a0\u00bb. Plus de 30 apprentis nouvellement int\u00e9gr\u00e9s dans nos filiales pour une formation d\u2019un an\u00a0! \u00a0 Trois s\u00e9minaires d\u2019inauguration se sont d\u00e9roul\u00e9s \u00e0 Amiens, Valenciennes et Lens permettant de pr\u00e9senter l\u2019organisation de la formation, les partenaires recrutement et formation (AFTRAL) et les \u00e9quipes de ma\u00eetres d\u2019apprentissage encadrant les jeunes apprentis. \u00a0 S\u2019inscrivant dans le dispositif \u00ab\u00a0Proch\u2019emploi \u2013 proch\u2019orientation\u00a0\u00bb de la R\u00e9gion Hauts-de-France, le lancement de la formation par la voie de l\u2019apprentissage dans nos filiales est aussi l\u2019occasion d\u2019engager des recrutements inclusifs dans le cadre de la convention PAQTE dont nous sommes signataires (https:\/\/www.paqte.fr). \u00a0 Le lancement de l\u2019Acad\u00e9mie by Transdev \u00e0 Lens a \u00e9galement fait l\u2019objet d\u2019une c\u00e9l\u00e9bration de l\u2019apprentissage dans tous les m\u00e9tiers de l\u2019entreprise au sein du r\u00e9seau Tadao, o\u00f9 pas moins de 30 apprentis exercent leurs m\u00e9tiers chaque ann\u00e9e \u2013 conduite, m\u00e9canique, bureau d\u2019\u00e9tudes, marketing\u2026 \u00a0 Bravo \u00e0 l\u2019ensemble des \u00e9quipes qui \u0153uvrent pour l\u2019Acad\u00e9mie by Transdev et plus largement pour l\u2019apprentissage dans nos filiales. \u00a0<\/td><\/tr><\/tbody><\/table><\/figure>\n\n\n\n<figure class=\"wp-block-image size-large\"><img decoding=\"async\" loading=\"lazy\" width=\"1024\" height=\"681\" src=\"https:\/\/transdev-hdf.fr\/wp-content\/uploads\/2021\/10\/DSC_0547-1-1024x681.jpg\" alt=\"\" class=\"wp-image-1232\" srcset=\"https:\/\/transdev-hdf.fr\/wp-content\/uploads\/2021\/10\/DSC_0547-1-1024x681.jpg 1024w, https:\/\/transdev-hdf.fr\/wp-content\/uploads\/2021\/10\/DSC_0547-1-300x199.jpg 300w, https:\/\/transdev-hdf.fr\/wp-content\/uploads\/2021\/10\/DSC_0547-1-768x511.jpg 768w, https:\/\/transdev-hdf.fr\/wp-content\/uploads\/2021\/10\/DSC_0547-1-1536x1021.jpg 1536w, https:\/\/transdev-hdf.fr\/wp-content\/uploads\/2021\/10\/DSC_0547-1-2048x1362.jpg 2048w\" sizes=\"(max-width: 1024px) 100vw, 1024px\" \/><\/figure>\n","protected":false},"excerpt":{"rendered":"<p>D\u00e9but Octobre, Transdev Hauts-de-France a lanc\u00e9 sa deuxi\u00e8me promotion \u00ab\u00a0Acad\u00e9mie By Transdev\u00a0\u00bb. Plus de 30 apprentis nouvellement int\u00e9gr\u00e9s dans nos filiales pour une formation d\u2019un an\u00a0! \u00a0 Trois s\u00e9minaires d\u2019inauguration se sont d\u00e9roul\u00e9s \u00e0 Amiens, Valenciennes et Lens permettant de pr\u00e9senter l\u2019organisation de la formation, les partenaires recrutement et formation (AFTRAL) et les \u00e9quipes de&hellip;&nbsp;<a href=\"https:\/\/transdev-hdf.fr\/index.php\/2021\/10\/26\/inauguration-academie-by-transdev-et-celebration-de-lapprentissage-lancement-de-la-2eme-promotion-dalternants-en-hauts-de-france\/\" class=\"\" rel=\"bookmark\">Lire la suite &raquo;<span class=\"screen-reader-text\">Inauguration Acad\u00e9mie by Transdev et celebration de l\u2019apprentissage : lancement de la 2\u00e8me promotion d\u2019alternants en Hauts de France !<\/span><\/a><\/p>\n","protected":false},"author":2,"featured_media":1228,"comment_status":"open","ping_status":"open","sticky":false,"template":"","format":"standard","meta":[],"categories":[14],"tags":[],"_links":{"self":[{"href":"https:\/\/transdev-hdf.fr\/index.php\/wp-json\/wp\/v2\/posts\/1226"}],"collection":[{"href":"https:\/\/transdev-hdf.fr\/index.php\/wp-json\/wp\/v2\/posts"}],"about":[{"href":"https:\/\/transdev-hdf.fr\/index.php\/wp-json\/wp\/v2\/types\/post"}],"author":[{"embeddable":true,"href":"https:\/\/transdev-hdf.fr\/index.php\/wp-json\/wp\/v2\/users\/2"}],"replies":[{"embeddable":true,"href":"https:\/\/transdev-hdf.fr\/index.php\/wp-json\/wp\/v2\/comments?post=1226"}],"version-history":[{"count":2,"href":"https:\/\/transdev-hdf.fr\/index.php\/wp-json\/wp\/v2\/posts\/1226\/revisions"}],"predecessor-version":[{"id":1233,"href":"https:\/\/transdev-hdf.fr\/index.php\/wp-json\/wp\/v2\/posts\/1226\/revisions\/1233"}],"wp:featuredmedia":[{"embeddable":true,"href":"https:\/\/transdev-hdf.fr\/index.php\/wp-json\/wp\/v2\/media\/1228"}],"wp:attachment":[{"href":"https:\/\/transdev-hdf.fr\/index.php\/wp-json\/wp\/v2\/media?parent=1226"}],"wp:term":[{"taxonomy":"category","embeddable":true,"href":"https:\/\/transdev-hdf.fr\/index.php\/wp-json\/wp\/v2\/categories?post=1226"},{"taxonomy":"post_tag","embeddable":true,"href":"https:\/\/transdev-hdf.fr\/index.php\/wp-json\/wp\/v2\/tags?post=1226"}],"curies":[{"name":"wp","href":"https:\/\/api.w.org\/{rel}","templated":true}]}}