{"id":1103,"date":"2021-07-15T06:29:14","date_gmt":"2021-07-15T06:29:14","guid":{"rendered":"https:\/\/transdev-hdf.fr\/?p=1103"},"modified":"2021-07-15T06:33:08","modified_gmt":"2021-07-15T06:33:08","slug":"livraison-de-2-nouveaux-vehicules-gnv","status":"publish","type":"post","link":"https:\/\/transdev-hdf.fr\/index.php\/2021\/07\/15\/livraison-de-2-nouveaux-vehicules-gnv\/","title":{"rendered":"R\u00e9seau Corolis : livraison de 2 nouveaux v\u00e9hicules GNV"},"content":{"rendered":"\n<p>Le r\u00e9seau Corolis a r\u00e9ceptionn\u00e9 ce Lundi 12 Juillet, 2 nouveaux bus GNV de la marque IVECO dans sa flotte en pr\u00e9sence de\u00a0Jacques\u00a0Doridam, Vice-pr\u00e9sident de la Communaut\u00e9 d&rsquo;Agglom\u00e9ration du Beauvaisis en charge des Mobilit\u00e9s et de Jacqueline\u00a0Menoub\u00e9, Maire-adjointe de Beauvais.<\/p>\n\n\n\n<p>\u00c0 ce jour, la flotte est compos\u00e9e de 15 bus GNV, 14 bus hybrides, 4 bus \u00e9lectriques, soit au total 33 bus.<\/p>\n\n\n\n<p>Fr\u00e9d\u00e9ric Colomb, Directeur de Transdev Beauvaisis Mobilit\u00e9s, a remerci\u00e9 au nom de Transdev la Communaut\u00e9\u00a0d\u2019agglom\u00e9ration\u00a0du Beauvaisis pour ces investissements permettant d\u2019am\u00e9liorer le confort de tous et de continuer\u00a0\u00e0 voyager dans le respect de l\u2019environnement.<br>Ces bus sont d\u00e9sormais \u00e9quip\u00e9s de la climatisation au poste de conduite, de 14 ports USB, du\u00a0Wifi gratuit\u00a0et disposent aussi d\u2019un syst\u00e8me de\u00a0vid\u00e9o-protection\u00a0afin d\u2019assurer la s\u00e9curit\u00e9 des biens et des personnes.<\/p>\n\n\n\n<figure class=\"wp-block-image size-large\"><img decoding=\"async\" loading=\"lazy\" width=\"498\" height=\"1024\" src=\"https:\/\/transdev-hdf.fr\/wp-content\/uploads\/2021\/07\/20210712_151604-498x1024.jpg\" alt=\"\" class=\"wp-image-1106\" srcset=\"https:\/\/transdev-hdf.fr\/wp-content\/uploads\/2021\/07\/20210712_151604-498x1024.jpg 498w, https:\/\/transdev-hdf.fr\/wp-content\/uploads\/2021\/07\/20210712_151604-146x300.jpg 146w, https:\/\/transdev-hdf.fr\/wp-content\/uploads\/2021\/07\/20210712_151604-768x1580.jpg 768w, https:\/\/transdev-hdf.fr\/wp-content\/uploads\/2021\/07\/20210712_151604-747x1536.jpg 747w, https:\/\/transdev-hdf.fr\/wp-content\/uploads\/2021\/07\/20210712_151604-996x2048.jpg 996w, https:\/\/transdev-hdf.fr\/wp-content\/uploads\/2021\/07\/20210712_151604-scaled.jpg 1244w\" sizes=\"(max-width: 498px) 100vw, 498px\" \/><\/figure>\n","protected":false},"excerpt":{"rendered":"<p>Le r\u00e9seau Corolis a r\u00e9ceptionn\u00e9 ce Lundi 12 Juillet, 2 nouveaux bus GNV de la marque IVECO dans sa flotte en pr\u00e9sence de\u00a0Jacques\u00a0Doridam, Vice-pr\u00e9sident de la Communaut\u00e9 d&rsquo;Agglom\u00e9ration du Beauvaisis en charge des Mobilit\u00e9s et de Jacqueline\u00a0Menoub\u00e9, Maire-adjointe de Beauvais. \u00c0 ce jour, la flotte est compos\u00e9e de 15 bus GNV, 14 bus hybrides, 4&hellip;&nbsp;<a href=\"https:\/\/transdev-hdf.fr\/index.php\/2021\/07\/15\/livraison-de-2-nouveaux-vehicules-gnv\/\" class=\"\" rel=\"bookmark\">Lire la suite &raquo;<span class=\"screen-reader-text\">R\u00e9seau Corolis : livraison de 2 nouveaux v\u00e9hicules GNV<\/span><\/a><\/p>\n","protected":false},"author":2,"featured_media":1104,"comment_status":"open","ping_status":"open","sticky":false,"template":"","format":"standard","meta":[],"categories":[14],"tags":[],"_links":{"self":[{"href":"https:\/\/transdev-hdf.fr\/index.php\/wp-json\/wp\/v2\/posts\/1103"}],"collection":[{"href":"https:\/\/transdev-hdf.fr\/index.php\/wp-json\/wp\/v2\/posts"}],"about":[{"href":"https:\/\/transdev-hdf.fr\/index.php\/wp-json\/wp\/v2\/types\/post"}],"author":[{"embeddable":true,"href":"https:\/\/transdev-hdf.fr\/index.php\/wp-json\/wp\/v2\/users\/2"}],"replies":[{"embeddable":true,"href":"https:\/\/transdev-hdf.fr\/index.php\/wp-json\/wp\/v2\/comments?post=1103"}],"version-history":[{"count":4,"href":"https:\/\/transdev-hdf.fr\/index.php\/wp-json\/wp\/v2\/posts\/1103\/revisions"}],"predecessor-version":[{"id":1109,"href":"https:\/\/transdev-hdf.fr\/index.php\/wp-json\/wp\/v2\/posts\/1103\/revisions\/1109"}],"wp:featuredmedia":[{"embeddable":true,"href":"https:\/\/transdev-hdf.fr\/index.php\/wp-json\/wp\/v2\/media\/1104"}],"wp:attachment":[{"href":"https:\/\/transdev-hdf.fr\/index.php\/wp-json\/wp\/v2\/media?parent=1103"}],"wp:term":[{"taxonomy":"category","embeddable":true,"href":"https:\/\/transdev-hdf.fr\/index.php\/wp-json\/wp\/v2\/categories?post=1103"},{"taxonomy":"post_tag","embeddable":true,"href":"https:\/\/transdev-hdf.fr\/index.php\/wp-json\/wp\/v2\/tags?post=1103"}],"curies":[{"name":"wp","href":"https:\/\/api.w.org\/{rel}","templated":true}]}}