{"id":1073,"date":"2021-04-13T12:42:49","date_gmt":"2021-04-13T12:42:49","guid":{"rendered":"https:\/\/transdev-hdf.fr\/?p=1073"},"modified":"2021-04-13T12:46:04","modified_gmt":"2021-04-13T12:46:04","slug":"lart-sinvite-sur-le-reseau-dkbus","status":"publish","type":"post","link":"https:\/\/transdev-hdf.fr\/index.php\/2021\/04\/13\/lart-sinvite-sur-le-reseau-dkbus\/","title":{"rendered":"L&rsquo;Art s&rsquo;invite sur le r\u00e9seau DK&rsquo;BUS !"},"content":{"rendered":"\n<p>A partir du 9 avril, une s\u00e9lection de douze \u0153uvres d\u2019art s\u2019affiche sur les bus du r\u00e9seau de transport en commun dunkerquois. Une op\u00e9ration mise en \u0153uvre par le Mus\u00e9e des Beaux-Arts de Dunkerque et Dk\u2019Bus, \u00e0 l\u2019initiative de Patrice Vergriete, Maire de Dunkerque, Pr\u00e9sident de la Communaut\u00e9 urbaine. A travers cette douzaine d\u2019\u0153uvres, plusieurs th\u00e8mes seront \u00e9voqu\u00e9s tels que l\u2019imaginaire, la passion, le voyage, l\u2019intrigue, la curiosit\u00e9\u2026<\/p>\n\n\n\n<p>Cette s\u00e9lection de tableaux et d\u2019objets rares issus des collections des mus\u00e9es dunkerquois vous fera ainsi doublement voyager \u00e0 bord du r\u00e9seau Dk\u2019Bus !<br><\/p>\n\n\n\n<figure class=\"wp-block-image size-large\"><img decoding=\"async\" loading=\"lazy\" width=\"1024\" height=\"576\" src=\"https:\/\/transdev-hdf.fr\/wp-content\/uploads\/2021\/04\/12-oeuvres-1024x576.jpg\" alt=\"\" class=\"wp-image-1076\" srcset=\"https:\/\/transdev-hdf.fr\/wp-content\/uploads\/2021\/04\/12-oeuvres-1024x576.jpg 1024w, https:\/\/transdev-hdf.fr\/wp-content\/uploads\/2021\/04\/12-oeuvres-300x169.jpg 300w, https:\/\/transdev-hdf.fr\/wp-content\/uploads\/2021\/04\/12-oeuvres-768x432.jpg 768w, https:\/\/transdev-hdf.fr\/wp-content\/uploads\/2021\/04\/12-oeuvres.jpg 1280w\" sizes=\"(max-width: 1024px) 100vw, 1024px\" \/><\/figure>\n","protected":false},"excerpt":{"rendered":"<p>A partir du 9 avril, une s\u00e9lection de douze \u0153uvres d\u2019art s\u2019affiche sur les bus du r\u00e9seau de transport en commun dunkerquois. Une op\u00e9ration mise en \u0153uvre par le Mus\u00e9e des Beaux-Arts de Dunkerque et Dk\u2019Bus, \u00e0 l\u2019initiative de Patrice Vergriete, Maire de Dunkerque, Pr\u00e9sident de la Communaut\u00e9 urbaine. A travers cette douzaine d\u2019\u0153uvres, plusieurs&hellip;&nbsp;<a href=\"https:\/\/transdev-hdf.fr\/index.php\/2021\/04\/13\/lart-sinvite-sur-le-reseau-dkbus\/\" class=\"\" rel=\"bookmark\">Lire la suite &raquo;<span class=\"screen-reader-text\">L&rsquo;Art s&rsquo;invite sur le r\u00e9seau DK&rsquo;BUS !<\/span><\/a><\/p>\n","protected":false},"author":2,"featured_media":1075,"comment_status":"open","ping_status":"open","sticky":false,"template":"","format":"standard","meta":[],"categories":[14],"tags":[],"_links":{"self":[{"href":"https:\/\/transdev-hdf.fr\/index.php\/wp-json\/wp\/v2\/posts\/1073"}],"collection":[{"href":"https:\/\/transdev-hdf.fr\/index.php\/wp-json\/wp\/v2\/posts"}],"about":[{"href":"https:\/\/transdev-hdf.fr\/index.php\/wp-json\/wp\/v2\/types\/post"}],"author":[{"embeddable":true,"href":"https:\/\/transdev-hdf.fr\/index.php\/wp-json\/wp\/v2\/users\/2"}],"replies":[{"embeddable":true,"href":"https:\/\/transdev-hdf.fr\/index.php\/wp-json\/wp\/v2\/comments?post=1073"}],"version-history":[{"count":2,"href":"https:\/\/transdev-hdf.fr\/index.php\/wp-json\/wp\/v2\/posts\/1073\/revisions"}],"predecessor-version":[{"id":1078,"href":"https:\/\/transdev-hdf.fr\/index.php\/wp-json\/wp\/v2\/posts\/1073\/revisions\/1078"}],"wp:featuredmedia":[{"embeddable":true,"href":"https:\/\/transdev-hdf.fr\/index.php\/wp-json\/wp\/v2\/media\/1075"}],"wp:attachment":[{"href":"https:\/\/transdev-hdf.fr\/index.php\/wp-json\/wp\/v2\/media?parent=1073"}],"wp:term":[{"taxonomy":"category","embeddable":true,"href":"https:\/\/transdev-hdf.fr\/index.php\/wp-json\/wp\/v2\/categories?post=1073"},{"taxonomy":"post_tag","embeddable":true,"href":"https:\/\/transdev-hdf.fr\/index.php\/wp-json\/wp\/v2\/tags?post=1073"}],"curies":[{"name":"wp","href":"https:\/\/api.w.org\/{rel}","templated":true}]}}